{"pagetitle":"Asz\u00e1ly, adapt\u00e1ci\u00f3, agr\u00e1rinnov\u00e1ci\u00f3 \u2013 Kukorica 5.0 a t\u00fal\u00e9l\u00e9s receptje","issue":{"id":52,"date":"2025-12-15","title":"Asz\u00e1ly, adapt\u00e1ci\u00f3, agr\u00e1rinnov\u00e1ci\u00f3 \u2013 Kukorica 5.0 a t\u00fal\u00e9l\u00e9s receptje","pdf":"https:\/\/cdn.agronaplo.hu\/files\/kiadvany\/agronaplo_kukorica_2025_12.pdf","cover_image":"https:\/\/cdn.agronaplo.hu\/files\/kiadvany\/coverimages\/cover-52.jpg","tag":"kukorica-2025"},"meta":"","articles":{"mode":"full","articles":{"current_page":2,"data":[{"id":58738,"title":"P\u00e9ld\u00e1tlan beruh\u00e1z\u00e1si hull\u00e1m indult: ezermilli\u00e1rdokat tolnak a magyar agr\u00e1riumba","slug":"\/20251120\/peldatlan-beruhazasi-hullam-indult-ezermilliardokat-tolnak-a-magyar-agrariumba-58738","category_id":8,"date":"2025-11-20 10:36:00","image":"https:\/\/cdn.agrarszektor.hu\/images\/articles\/lead\/2025\/11\/1763458422-VLNCHpIYO_lg.jpg","short_lead":"A p\u00e1ly\u00e1z\u00f3k pontosan \u00e9rtik, hogy most van itt a beruh\u00e1z\u00e1sok ideje, mert k\u00e9rd\u00e9ses, hogy lesz-e m\u00e9g ilyen lehet\u0151s\u00e9g - mondta el az OTP agr\u00e1rszakembere az Alapvet\u00e9s podcastban.","author_id":6,"imagesource":8,"lead":"","content":"","date_hu":"2025. november 20. 10:36","fresh":1,"old":0,"image_alt":"P\u00e9ld\u00e1tlan beruh\u00e1z\u00e1si hull\u00e1m indult: ezermilli\u00e1rdokat tolnak a magyar agr\u00e1riumba","category_props":{"name":"Agr\u00e1rp\u00e9nzek","slug":"agrarpenzek","id":8}},{"id":58536,"title":"Temess\u00fck a magyar kukoric\u00e1t? M\u00e1r ott tartunk, hogy importra szorul az orsz\u00e1g","slug":"\/20251113\/temessuk-a-magyar-kukoricat-mar-ott-tartunk-hogy-importra-szorul-az-orszag-58536","category_id":4,"date":"2025-11-13 10:27:00","image":"https:\/\/cdn.agrarszektor.hu\/images\/articles\/lead\/2025\/11\/1762179412-6nolGLfxJ_lg.jpg","short_lead":"Folyamatos kudarcokat \u00e9lnek meg a gazd\u00e1k, egyre t\u00f6bben fordulnak el a kukoric\u00e1t\u00f3l.","author_id":6,"imagesource":8,"lead":"","content":"","date_hu":"2025. november 13. 10:27","fresh":1,"old":0,"image_alt":"Temess\u00fck a magyar kukoric\u00e1t? M\u00e1r ott tartunk, hogy importra szorul az orsz\u00e1g","category_props":{"name":"N\u00f6v\u00e9ny","slug":"noveny","id":4}},{"id":57582,"title":"Genetikai \u00f6sszet\u00e9tel meghat\u00e1roz\u00e1sa biol\u00f3giai mint\u00e1b\u00f3l CHGENE laborat\u00f3rium Gy\u0151rben","slug":"\/20250909\/genetikai-osszetetel-meghatarozasa-biologiai-mintabol-chgene-laboratorium-gyorben-57582","category_id":21,"date":"2025-09-09 07:57:00","image":"https:\/\/cdn.agrarszektor.hu\/images\/articles\/lead\/2025\/02\/1740475472-RtnMTvmqp_lg.jpg","short_lead":"A legmodernebb biotechnol\u00f3gia el\u00e9rhet\u0151 Gy\u0151rben!","author_id":47,"imagesource":3,"lead":"","content":"","date_hu":"2025. szeptember 9. 07:57","fresh":1,"old":0,"image_alt":"Genetikai \u00f6sszet\u00e9tel meghat\u00e1roz\u00e1sa biol\u00f3giai mint\u00e1b\u00f3l CHGENE laborat\u00f3rium Gy\u0151rben","category_props":{"name":"AgroF\u00f3kusz","slug":"agrofokusz","id":21}}],"first_page_url":"https:\/\/www.agronaplo.hu\/pdf\/issue\/2025\/12\/15\/aszaly-adaptacio-agrarinnovacio-kukorica-50-a-tuleles-receptje?page=1","from":21,"last_page":2,"last_page_url":"https:\/\/www.agronaplo.hu\/pdf\/issue\/2025\/12\/15\/aszaly-adaptacio-agrarinnovacio-kukorica-50-a-tuleles-receptje?page=2","links":[{"url":"https:\/\/www.agronaplo.hu\/pdf\/issue\/2025\/12\/15\/aszaly-adaptacio-agrarinnovacio-kukorica-50-a-tuleles-receptje?page=1","label":"&laquo; Previous","active":false},{"url":"https:\/\/www.agronaplo.hu\/pdf\/issue\/2025\/12\/15\/aszaly-adaptacio-agrarinnovacio-kukorica-50-a-tuleles-receptje?page=1","label":"1","active":false},{"url":"https:\/\/www.agronaplo.hu\/pdf\/issue\/2025\/12\/15\/aszaly-adaptacio-agrarinnovacio-kukorica-50-a-tuleles-receptje?page=2","label":"2","active":true},{"url":null,"label":"Next &raquo;","active":false}],"next_page_url":null,"path":"https:\/\/www.agronaplo.hu\/pdf\/issue\/2025\/12\/15\/aszaly-adaptacio-agrarinnovacio-kukorica-50-a-tuleles-receptje","per_page":20,"prev_page_url":"https:\/\/www.agronaplo.hu\/pdf\/issue\/2025\/12\/15\/aszaly-adaptacio-agrarinnovacio-kukorica-50-a-tuleles-receptje?page=1","to":23,"total":23},"links":"<nav>\n        <ul class=\"paginator\">\n            \n                            <li class=\"paginator-item\">\n                    <a class=\"paginator-link\" href=\"https:\/\/www.agronaplo.hu\/pdf\/issue\/2025\/12\/15\/aszaly-adaptacio-agrarinnovacio-kukorica-50-a-tuleles-receptje?page=1\" rel=\"prev\" aria-label=\"&laquo; Previous\"><div class=\"svg-bg\"><svg xmlns=\"http:\/\/www.w3.org\/2000\/svg\" width=\"20\" height=\"20\" viewBox=\"0 0 24 24\" fill=\"none\" stroke=\"currentColor\" stroke-width=\"2.5\" stroke-linecap=\"round\" stroke-linejoin=\"bevel\"><path d=\"M19 12H6M12 5l-7 7 7 7\"\/><\/svg><\/div><\/i><\/a>\n                <\/li>\n            \n            \n                            \n                \n                \n                                                                                        <li class=\"paginator-item\"><a class=\"paginator-link\" href=\"https:\/\/www.agronaplo.hu\/pdf\/issue\/2025\/12\/15\/aszaly-adaptacio-agrarinnovacio-kukorica-50-a-tuleles-receptje?page=1\">1<\/a><\/li>\n                                                                                                <li class=\"paginator-item active\" aria-current=\"page\"><span class=\"paginator-link\">2<\/span><\/li>\n                                                                        \n            \n                            \n                    <\/ul>\n    <\/nav>\n"}}